{"id":10161,"date":"2022-02-25T23:10:58","date_gmt":"2022-02-25T22:10:58","guid":{"rendered":"https:\/\/inkovema.de\/?p=10161"},"modified":"2025-08-05T09:50:37","modified_gmt":"2025-08-05T07:50:37","slug":"experiences-with-synchronous-online-mediation-in-conversation-with-stephan-proksch-inkovema-podcast-77","status":"publish","type":"post","link":"https:\/\/inkovema.de\/en\/blog\/experiences-with-synchronous-online-mediation-in-conversation-with-stephan-proksch-inkovema-podcast-77\/","title":{"rendered":"Experiences with synchronous online mediation. In conversation with Stephan Proksch (INKOVEMA podcast #77)"},"content":{"rendered":"<div class=\"fusion-fullwidth fullwidth-box fusion-builder-row-1 fusion-flex-container gradient-container-1 nonhundred-percent-fullwidth non-hundred-percent-height-scrolling\" style=\"--awb-border-radius-top-left:0px;--awb-border-radius-top-right:0px;--awb-border-radius-bottom-right:0px;--awb-border-radius-bottom-left:0px;--awb-flex-wrap:wrap;\" ><div class=\"fusion-builder-row fusion-row fusion-flex-align-items-flex-start fusion-flex-content-wrap\" style=\"max-width:1144px;margin-left: calc(-4% \/ 2 );margin-right: calc(-4% \/ 2 );\"><div class=\"fusion-layout-column fusion_builder_column fusion-builder-column-0 fusion_builder_column_1_1 1_1 fusion-flex-column\" style=\"--awb-bg-size:cover;--awb-width-large:100%;--awb-margin-top-large:0px;--awb-spacing-right-large:1.92%;--awb-margin-bottom-large:20px;--awb-spacing-left-large:1.92%;--awb-width-medium:100%;--awb-spacing-right-medium:1.92%;--awb-spacing-left-medium:1.92%;--awb-width-small:100%;--awb-spacing-right-small:1.92%;--awb-spacing-left-small:1.92%;\"><div class=\"fusion-column-wrapper fusion-column-has-shadow fusion-flex-justify-content-flex-start fusion-content-layout-column\"><div class=\"fusion-title title fusion-title-1 sep-underline sep-solid fusion-title-text fusion-title-size-four\"><h4 class=\"fusion-title-heading title-heading-left fusion-responsive-typography-calculated\" style=\"margin:0;--fontSize:16;--minFontSize:16;line-height:1.5;\"><h4>INKOVEMA Podcast &#8222;Well through time&#8220;<\/h4><\/h4><\/div><div class=\"fusion-title title fusion-title-2 sep-underline sep-solid fusion-title-text fusion-title-size-one\"><h1 class=\"fusion-title-heading title-heading-left fusion-responsive-typography-calculated\" style=\"margin:0;--fontSize:34;line-height:1.4;\"><h1>#77 &#8211; Experience with synchronous online mediation<\/h1><\/h1><\/div><div class=\"fusion-title title fusion-title-3 sep-underline sep-solid fusion-title-text fusion-title-size-three\"><h3 class=\"fusion-title-heading title-heading-left fusion-responsive-typography-calculated\" style=\"margin:0;--fontSize:20;line-height:1.5;\"><h2>Guide for mediators Online mediation - possibilities and limits. A project of the Austrian Federal Association for Mediation. In conversation with Stephan Proksch<\/h2><\/h3><\/div><div class=\"fusion-text fusion-text-1\"><p>Well through time. The podcast about mediation, conflict coaching and organisational consulting.<\/p>\n<\/div><div class=\"fusion-separator fusion-full-width-sep\" style=\"align-self: center;margin-left: auto;margin-right: auto;margin-top:20px;margin-bottom:20px;width:100%;\"><div class=\"fusion-separator-border sep-single\" style=\"--awb-height:20px;--awb-amount:20px;--awb-sep-color:#ffffff;border-color:#ffffff;border-top-width:1px;\"><\/div><\/div><script class=\"podigee-podcast-player\" src=\"https:\/\/player.podigee-cdn.net\/podcast-player\/javascripts\/podigee-podcast-player.js\" data-configuration=\"https:\/\/inkovema.podigee.io\/b77-77-erfahrungen-mit-synchroner-online-mediation-im-gesprach-mit-stephan-proksch\/embed?context=external\"><\/script><div class=\"fusion-separator fusion-full-width-sep\" style=\"align-self: center;margin-left: auto;margin-right: auto;margin-top:20px;margin-bottom:20px;width:100%;\"><div class=\"fusion-separator-border sep-single\" style=\"--awb-height:20px;--awb-amount:20px;--awb-sep-color:#ffffff;border-color:#ffffff;border-top-width:1px;\"><\/div><\/div><div class=\"fusion-text fusion-text-2\"><p><b>Stephan Proksch<\/b>\u00a0is a mediator, management consultant and trainer. His professional focus is on conflict management, mediation and organisational development, in particular the development of internal conflict management systems, court-related mediation and corporate succession.<\/p>\n<\/div><div class=\"fusion-separator fusion-full-width-sep\" style=\"align-self: center;margin-left: auto;margin-right: auto;margin-top:20px;margin-bottom:20px;width:100%;\"><div class=\"fusion-separator-border sep-single\" style=\"--awb-height:20px;--awb-amount:20px;--awb-sep-color:#ffffff;border-color:#ffffff;border-top-width:1px;\"><\/div><\/div><div class=\"fusion-text fusion-text-3\"><h2><strong>Contents<\/strong><\/h2>\n<ol>\n<li>Equipment for mediators &#8211; Setup for ONLINE MEDIATION<\/li>\n<li>Significance of the technique and the medium for aggression and escalation in mediations<\/li>\n<li>Special features of ONLINE MEDIATION<\/li>\n<\/ol>\n<ul>\n<li style=\"list-style-type: none;\">\n<ul>\n<li>Eye contact problem<\/li>\n<li>unobserved observation<\/li>\n<li>Involving the fourth party in mediation<\/li>\n<li>Distances in the mediation process<\/li>\n<li>(Changed) timing of the entire mediation process?<\/li>\n<li>Problems of litigation dominance due to the conflict parties' rejection of technology?<\/li>\n<li>Changed methods for one-to-one meetings?<\/li>\n<li>Experience with co-mediation in ONLINE MEDIATIONS<\/li>\n<\/ul>\n<\/li>\n<\/ul>\n<blockquote>\n<p>The medium of online mediation thereby reduces aggression,<\/p>\n<p>that the aggression and its expression are immediately observed &#8211; also by the aggressive persons themselves.<\/p>\n<\/blockquote>\n<h2><strong>Project staff at the Austrian Federal Mediation Association<\/strong><\/h2>\n<ul>\n<li><a href=\"https:\/\/www.linkedin.com\/in\/stephan-proksch-a45a4476\/?originalSubdomain=at\" target=\"_blank\" rel=\"noopener noreferrer\">Stephan Proksch<\/a><\/li>\n<li><a href=\"https:\/\/www.linkedin.com\/in\/barbara-g%C3%BCnther-386635b7\/\" target=\"_blank\" rel=\"noopener noreferrer\">Barbara G\u00fcnther<\/a><\/li>\n<li><a href=\"https:\/\/www.linkedin.com\/in\/martina-loidelsbacher-broucek-12641a88\/\" target=\"_blank\" rel=\"noopener noreferrer\">Martina Loidelsbacher Broucek<\/a><\/li>\n<li>Werner Podlesnig<\/li>\n<li><a href=\"https:\/\/www.linkedin.com\/in\/johannes-rauch-vienna\/\" target=\"_blank\" rel=\"noopener noreferrer\">Johannes Rauch<\/a><\/li>\n<li><a href=\"https:\/\/www.linkedin.com\/in\/stroblklaus\/\" target=\"_blank\" rel=\"noopener noreferrer\">Klaus Strobl<\/a><\/li>\n<li><a href=\"https:\/\/www.linkedin.com\/in\/ACoAAAdbGNsBESCNd79GkD6P5o0dQ29hBXN-hy0\/\" target=\"_blank\" rel=\"noopener noreferrer\">Bernhard Wisleitner<\/a><\/li>\n<\/ul>\n<h2><strong>download<\/strong><\/h2>\n<ul>\n<li><a href=\"https:\/\/inkovema.de\/wp-content\/uploads\/2022\/02\/Leitfaden_Online-Mediation_Moeglichkeiten_Grenzen.pdf\">Guide_online_mediation_possibilities_limitations<\/a><\/li>\n<\/ul>\n<\/div><\/div><\/div><\/div><\/div>","protected":false},"excerpt":{"rendered":"","protected":false},"author":3,"featured_media":10163,"comment_status":"open","ping_status":"open","sticky":false,"template":"","format":"standard","meta":{"footnotes":""},"categories":[183,166,314,93,42],"tags":[700,800,374],"class_list":["post-10161","post","type-post","status-publish","format-standard","has-post-thumbnail","hentry","category-audio","category-digitale-transformation","category-inkovema-podcast","category-konzepte-fuer-die-mediation","category-podcast","tag-einzelgespraeche","tag-eye-contact-problem","tag-online-mediation"],"yoast_head":"<!-- This site is optimized with the Yoast SEO Premium plugin v26.2 (Yoast SEO v26.5) - https:\/\/yoast.com\/wordpress\/plugins\/seo\/ -->\n<title>Erfahrungen mit synchroner Online-Mediation. Im Gespr\u00e4ch mit Stephan Proksch (INKOVEMA-Podcast #77) - INKOVEMA - Mediation und Mediationsausbildung Leipzig<\/title>\n<meta name=\"description\" content=\"Dr. Sascha Weigel spricht mit Dr. Stephan Proksch zum Leitfaden f\u00fcr Mediator*innen f\u00fcr ONLINE MEDIATION\" \/>\n<meta name=\"robots\" content=\"index, follow, max-snippet:-1, max-image-preview:large, max-video-preview:-1\" \/>\n<link rel=\"canonical\" href=\"https:\/\/inkovema.de\/en\/blog\/experiences-with-synchronous-online-mediation-in-conversation-with-stephan-proksch-inkovema-podcast-77\/\" \/>\n<meta property=\"og:locale\" content=\"en_GB\" \/>\n<meta property=\"og:type\" content=\"article\" \/>\n<meta property=\"og:title\" content=\"Erfahrungen mit synchroner Online-Mediation. Im Gespr\u00e4ch mit Stephan Proksch (INKOVEMA-Podcast #77)\" \/>\n<meta property=\"og:description\" content=\"Dr. Sascha Weigel spricht mit Dr. Stephan Proksch zum Leitfaden f\u00fcr Mediator*innen f\u00fcr ONLINE MEDIATION\" \/>\n<meta property=\"og:url\" content=\"https:\/\/inkovema.de\/en\/blog\/experiences-with-synchronous-online-mediation-in-conversation-with-stephan-proksch-inkovema-podcast-77\/\" \/>\n<meta property=\"og:site_name\" content=\"INKOVEMA - Mediation und Mediationsausbildung Leipzig\" \/>\n<meta property=\"article:author\" content=\"https:\/\/www.facebook.com\/inkovema\" \/>\n<meta property=\"article:published_time\" content=\"2022-02-25T22:10:58+00:00\" \/>\n<meta property=\"article:modified_time\" content=\"2025-08-05T07:50:37+00:00\" \/>\n<meta property=\"og:image\" content=\"https:\/\/inkovema.de\/wp-content\/uploads\/2022\/02\/Stephan-Proksch-Sascha-Weigel.png\" \/>\n\t<meta property=\"og:image:width\" content=\"963\" \/>\n\t<meta property=\"og:image:height\" content=\"631\" \/>\n\t<meta property=\"og:image:type\" content=\"image\/png\" \/>\n<meta name=\"author\" content=\"Sascha\" \/>\n<meta name=\"twitter:card\" content=\"summary_large_image\" \/>\n<meta name=\"twitter:creator\" content=\"@Sascha_Weigel\" \/>\n<meta name=\"twitter:label1\" content=\"Written by\" \/>\n\t<meta name=\"twitter:data1\" content=\"Sascha\" \/>\n\t<meta name=\"twitter:label2\" content=\"Estimated reading time\" \/>\n\t<meta name=\"twitter:data2\" content=\"4 minutes\" \/>\n<script type=\"application\/ld+json\" class=\"yoast-schema-graph\">{\"@context\":\"https:\/\/schema.org\",\"@graph\":[{\"@type\":\"WebPage\",\"@id\":\"https:\/\/inkovema.de\/blog\/erfahrungen-mit-synchroner-online-mediation-im-gespraech-mit-stephan-proksch-inkovema-podcast-77\/\",\"url\":\"https:\/\/inkovema.de\/blog\/erfahrungen-mit-synchroner-online-mediation-im-gespraech-mit-stephan-proksch-inkovema-podcast-77\/\",\"name\":\"Erfahrungen mit synchroner Online-Mediation. Im Gespr\u00e4ch mit Stephan Proksch (INKOVEMA-Podcast #77) - INKOVEMA - Mediation und Mediationsausbildung Leipzig\",\"isPartOf\":{\"@id\":\"https:\/\/inkovema.de\/#website\"},\"primaryImageOfPage\":{\"@id\":\"https:\/\/inkovema.de\/blog\/erfahrungen-mit-synchroner-online-mediation-im-gespraech-mit-stephan-proksch-inkovema-podcast-77\/#primaryimage\"},\"image\":{\"@id\":\"https:\/\/inkovema.de\/blog\/erfahrungen-mit-synchroner-online-mediation-im-gespraech-mit-stephan-proksch-inkovema-podcast-77\/#primaryimage\"},\"thumbnailUrl\":\"https:\/\/inkovema.de\/wp-content\/uploads\/2022\/02\/Stephan-Proksch-Sascha-Weigel.png\",\"datePublished\":\"2022-02-25T22:10:58+00:00\",\"dateModified\":\"2025-08-05T07:50:37+00:00\",\"author\":{\"@id\":\"https:\/\/inkovema.de\/#\/schema\/person\/3def54245406b09cb172955b42a278d3\"},\"description\":\"Dr. Sascha Weigel spricht mit Dr. Stephan Proksch zum Leitfaden f\u00fcr Mediator*innen f\u00fcr ONLINE MEDIATION\",\"breadcrumb\":{\"@id\":\"https:\/\/inkovema.de\/blog\/erfahrungen-mit-synchroner-online-mediation-im-gespraech-mit-stephan-proksch-inkovema-podcast-77\/#breadcrumb\"},\"inLanguage\":\"en-GB\",\"potentialAction\":[{\"@type\":\"ReadAction\",\"target\":[\"https:\/\/inkovema.de\/blog\/erfahrungen-mit-synchroner-online-mediation-im-gespraech-mit-stephan-proksch-inkovema-podcast-77\/\"]}]},{\"@type\":\"ImageObject\",\"inLanguage\":\"en-GB\",\"@id\":\"https:\/\/inkovema.de\/blog\/erfahrungen-mit-synchroner-online-mediation-im-gespraech-mit-stephan-proksch-inkovema-podcast-77\/#primaryimage\",\"url\":\"https:\/\/inkovema.de\/wp-content\/uploads\/2022\/02\/Stephan-Proksch-Sascha-Weigel.png\",\"contentUrl\":\"https:\/\/inkovema.de\/wp-content\/uploads\/2022\/02\/Stephan-Proksch-Sascha-Weigel.png\",\"width\":963,\"height\":631},{\"@type\":\"BreadcrumbList\",\"@id\":\"https:\/\/inkovema.de\/blog\/erfahrungen-mit-synchroner-online-mediation-im-gespraech-mit-stephan-proksch-inkovema-podcast-77\/#breadcrumb\",\"itemListElement\":[{\"@type\":\"ListItem\",\"position\":1,\"name\":\"Startseite\",\"item\":\"https:\/\/inkovema.de\/\"},{\"@type\":\"ListItem\",\"position\":2,\"name\":\"Erfahrungen mit synchroner Online-Mediation. Im Gespr\u00e4ch mit Stephan Proksch (INKOVEMA-Podcast #77)\"}]},{\"@type\":\"WebSite\",\"@id\":\"https:\/\/inkovema.de\/#website\",\"url\":\"https:\/\/inkovema.de\/\",\"name\":\"INKOVEMA - Mediation und Mediationsausbildung Leipzig\",\"description\":\"Mediation und Mediationsausbildung Leipzig\",\"potentialAction\":[{\"@type\":\"SearchAction\",\"target\":{\"@type\":\"EntryPoint\",\"urlTemplate\":\"https:\/\/inkovema.de\/?s={search_term_string}\"},\"query-input\":{\"@type\":\"PropertyValueSpecification\",\"valueRequired\":true,\"valueName\":\"search_term_string\"}}],\"inLanguage\":\"en-GB\"},{\"@type\":\"Person\",\"@id\":\"https:\/\/inkovema.de\/#\/schema\/person\/3def54245406b09cb172955b42a278d3\",\"name\":\"Sascha\",\"image\":{\"@type\":\"ImageObject\",\"inLanguage\":\"en-GB\",\"@id\":\"https:\/\/inkovema.de\/#\/schema\/person\/image\/\",\"url\":\"https:\/\/secure.gravatar.com\/avatar\/a6bf3570b4b89e23e296adff835355af500657f13149da8aa9c3757e59e65c22?s=96&d=mm&r=g\",\"contentUrl\":\"https:\/\/secure.gravatar.com\/avatar\/a6bf3570b4b89e23e296adff835355af500657f13149da8aa9c3757e59e65c22?s=96&d=mm&r=g\",\"caption\":\"Sascha\"},\"description\":\"Prof. Dr. Sascha Weigel, Konfliktberater und Mediator; Rechtsanwalt lizenzierter Ausbilder f\u00fcr Mediation (BM) und lehrender Transaktionsanalytiker unter Supervision f\u00fcr den Bereich Organisation (PTSTA-O) sowie Senior Coach DBVC - ber\u00e4t, coacht, bloggt und podcastet hier zu Mediation und Konfliktmanagement in Zeiten der Digitalen Transformation. Seit 2026 Mitherausgeber der Fachzeitschrift KonfliktDynamik. Begr\u00fcnder der Elemente der Mediation (www.elemente-der-mediation.de) sowie Inhaber von INKOVEMA. Begeisterter Fernwanderer und Fussballfan, der aktuell den Vaterfreuden den Vorrang einr\u00e4umt - so gut er kann. Lebt in Leipzig und arbeitet bundesweit.\",\"sameAs\":[\"https:\/\/www.facebook.com\/inkovema\",\"https:\/\/www.linkedin.com\/in\/sascha-weigel-a7b98b25\/\",\"https:\/\/x.com\/Sascha_Weigel\"]}]}<\/script>\n<!-- \/ Yoast SEO Premium plugin. -->","yoast_head_json":{"title":"Experiences with synchronous online mediation. In conversation with Stephan Proksch (INKOVEMA podcast #77) - INKOVEMA - Mediation and mediation training Leipzig","description":"Dr Sascha Weigel talks to Dr Stephan Proksch about the guide for mediators for ONLINE MEDIATION","robots":{"index":"index","follow":"follow","max-snippet":"max-snippet:-1","max-image-preview":"max-image-preview:large","max-video-preview":"max-video-preview:-1"},"canonical":"https:\/\/inkovema.de\/en\/blog\/experiences-with-synchronous-online-mediation-in-conversation-with-stephan-proksch-inkovema-podcast-77\/","og_locale":"en_GB","og_type":"article","og_title":"Erfahrungen mit synchroner Online-Mediation. Im Gespr\u00e4ch mit Stephan Proksch (INKOVEMA-Podcast #77)","og_description":"Dr. Sascha Weigel spricht mit Dr. Stephan Proksch zum Leitfaden f\u00fcr Mediator*innen f\u00fcr ONLINE MEDIATION","og_url":"https:\/\/inkovema.de\/en\/blog\/experiences-with-synchronous-online-mediation-in-conversation-with-stephan-proksch-inkovema-podcast-77\/","og_site_name":"INKOVEMA - Mediation und Mediationsausbildung Leipzig","article_author":"https:\/\/www.facebook.com\/inkovema","article_published_time":"2022-02-25T22:10:58+00:00","article_modified_time":"2025-08-05T07:50:37+00:00","og_image":[{"width":963,"height":631,"url":"https:\/\/inkovema.de\/wp-content\/uploads\/2022\/02\/Stephan-Proksch-Sascha-Weigel.png","type":"image\/png"}],"author":"Sascha","twitter_card":"summary_large_image","twitter_creator":"@Sascha_Weigel","twitter_misc":{"Written by":"Sascha","Estimated reading time":"4 minutes"},"schema":{"@context":"https:\/\/schema.org","@graph":[{"@type":"WebPage","@id":"https:\/\/inkovema.de\/blog\/erfahrungen-mit-synchroner-online-mediation-im-gespraech-mit-stephan-proksch-inkovema-podcast-77\/","url":"https:\/\/inkovema.de\/blog\/erfahrungen-mit-synchroner-online-mediation-im-gespraech-mit-stephan-proksch-inkovema-podcast-77\/","name":"Experiences with synchronous online mediation. In conversation with Stephan Proksch (INKOVEMA podcast #77) - INKOVEMA - Mediation and mediation training Leipzig","isPartOf":{"@id":"https:\/\/inkovema.de\/#website"},"primaryImageOfPage":{"@id":"https:\/\/inkovema.de\/blog\/erfahrungen-mit-synchroner-online-mediation-im-gespraech-mit-stephan-proksch-inkovema-podcast-77\/#primaryimage"},"image":{"@id":"https:\/\/inkovema.de\/blog\/erfahrungen-mit-synchroner-online-mediation-im-gespraech-mit-stephan-proksch-inkovema-podcast-77\/#primaryimage"},"thumbnailUrl":"https:\/\/inkovema.de\/wp-content\/uploads\/2022\/02\/Stephan-Proksch-Sascha-Weigel.png","datePublished":"2022-02-25T22:10:58+00:00","dateModified":"2025-08-05T07:50:37+00:00","author":{"@id":"https:\/\/inkovema.de\/#\/schema\/person\/3def54245406b09cb172955b42a278d3"},"description":"Dr Sascha Weigel talks to Dr Stephan Proksch about the guide for mediators for ONLINE MEDIATION","breadcrumb":{"@id":"https:\/\/inkovema.de\/blog\/erfahrungen-mit-synchroner-online-mediation-im-gespraech-mit-stephan-proksch-inkovema-podcast-77\/#breadcrumb"},"inLanguage":"en-GB","potentialAction":[{"@type":"ReadAction","target":["https:\/\/inkovema.de\/blog\/erfahrungen-mit-synchroner-online-mediation-im-gespraech-mit-stephan-proksch-inkovema-podcast-77\/"]}]},{"@type":"ImageObject","inLanguage":"en-GB","@id":"https:\/\/inkovema.de\/blog\/erfahrungen-mit-synchroner-online-mediation-im-gespraech-mit-stephan-proksch-inkovema-podcast-77\/#primaryimage","url":"https:\/\/inkovema.de\/wp-content\/uploads\/2022\/02\/Stephan-Proksch-Sascha-Weigel.png","contentUrl":"https:\/\/inkovema.de\/wp-content\/uploads\/2022\/02\/Stephan-Proksch-Sascha-Weigel.png","width":963,"height":631},{"@type":"BreadcrumbList","@id":"https:\/\/inkovema.de\/blog\/erfahrungen-mit-synchroner-online-mediation-im-gespraech-mit-stephan-proksch-inkovema-podcast-77\/#breadcrumb","itemListElement":[{"@type":"ListItem","position":1,"name":"Startseite","item":"https:\/\/inkovema.de\/"},{"@type":"ListItem","position":2,"name":"Erfahrungen mit synchroner Online-Mediation. Im Gespr\u00e4ch mit Stephan Proksch (INKOVEMA-Podcast #77)"}]},{"@type":"WebSite","@id":"https:\/\/inkovema.de\/#website","url":"https:\/\/inkovema.de\/","name":"INKOVEMA - Mediation and mediation training Leipzig","description":"Mediation and mediation training Leipzig","potentialAction":[{"@type":"SearchAction","target":{"@type":"EntryPoint","urlTemplate":"https:\/\/inkovema.de\/?s={search_term_string}"},"query-input":{"@type":"PropertyValueSpecification","valueRequired":true,"valueName":"search_term_string"}}],"inLanguage":"en-GB"},{"@type":"Person","@id":"https:\/\/inkovema.de\/#\/schema\/person\/3def54245406b09cb172955b42a278d3","name":"Sascha","image":{"@type":"ImageObject","inLanguage":"en-GB","@id":"https:\/\/inkovema.de\/#\/schema\/person\/image\/","url":"https:\/\/secure.gravatar.com\/avatar\/a6bf3570b4b89e23e296adff835355af500657f13149da8aa9c3757e59e65c22?s=96&d=mm&r=g","contentUrl":"https:\/\/secure.gravatar.com\/avatar\/a6bf3570b4b89e23e296adff835355af500657f13149da8aa9c3757e59e65c22?s=96&d=mm&r=g","caption":"Sascha"},"description":"Prof. Dr. Sascha Weigel, Konfliktberater und Mediator; Rechtsanwalt lizenzierter Ausbilder f\u00fcr Mediation (BM) und lehrender Transaktionsanalytiker unter Supervision f\u00fcr den Bereich Organisation (PTSTA-O) sowie Senior Coach DBVC - ber\u00e4t, coacht, bloggt und podcastet hier zu Mediation und Konfliktmanagement in Zeiten der Digitalen Transformation. Seit 2026 Mitherausgeber der Fachzeitschrift KonfliktDynamik. Begr\u00fcnder der Elemente der Mediation (www.elemente-der-mediation.de) sowie Inhaber von INKOVEMA. Begeisterter Fernwanderer und Fussballfan, der aktuell den Vaterfreuden den Vorrang einr\u00e4umt - so gut er kann. Lebt in Leipzig und arbeitet bundesweit.","sameAs":["https:\/\/www.facebook.com\/inkovema","https:\/\/www.linkedin.com\/in\/sascha-weigel-a7b98b25\/","https:\/\/x.com\/Sascha_Weigel"]}]}},"_links":{"self":[{"href":"https:\/\/inkovema.de\/en\/wp-json\/wp\/v2\/posts\/10161","targetHints":{"allow":["GET"]}}],"collection":[{"href":"https:\/\/inkovema.de\/en\/wp-json\/wp\/v2\/posts"}],"about":[{"href":"https:\/\/inkovema.de\/en\/wp-json\/wp\/v2\/types\/post"}],"author":[{"embeddable":true,"href":"https:\/\/inkovema.de\/en\/wp-json\/wp\/v2\/users\/3"}],"replies":[{"embeddable":true,"href":"https:\/\/inkovema.de\/en\/wp-json\/wp\/v2\/comments?post=10161"}],"version-history":[{"count":0,"href":"https:\/\/inkovema.de\/en\/wp-json\/wp\/v2\/posts\/10161\/revisions"}],"wp:featuredmedia":[{"embeddable":true,"href":"https:\/\/inkovema.de\/en\/wp-json\/wp\/v2\/media\/10163"}],"wp:attachment":[{"href":"https:\/\/inkovema.de\/en\/wp-json\/wp\/v2\/media?parent=10161"}],"wp:term":[{"taxonomy":"category","embeddable":true,"href":"https:\/\/inkovema.de\/en\/wp-json\/wp\/v2\/categories?post=10161"},{"taxonomy":"post_tag","embeddable":true,"href":"https:\/\/inkovema.de\/en\/wp-json\/wp\/v2\/tags?post=10161"}],"curies":[{"name":"wp","href":"https:\/\/api.w.org\/{rel}","templated":true}]}}